
{"id":5408,"date":"2014-07-10T15:07:36","date_gmt":"2014-07-10T13:07:36","guid":{"rendered":"http:\/\/www.athleticteampioltello.it\/?p=5408"},"modified":"2014-07-10T15:09:37","modified_gmt":"2014-07-10T13:09:37","slug":"diario-di-bordo-degli-artigli-ultimo-giorno","status":"publish","type":"post","link":"https:\/\/www.athleticteampioltello.it\/?p=5408","title":{"rendered":"Diario di bordo degli Artigli, ultimo giorno"},"content":{"rendered":"<blockquote><p><a href=\"http:\/\/www.athleticteampioltello.it\/wp-content\/uploads\/2014\/07\/DPP_0175.jpg\"><img loading=\"lazy\" decoding=\"async\" class=\"aligncenter  wp-image-5409\" src=\"http:\/\/www.athleticteampioltello.it\/wp-content\/uploads\/2014\/07\/DPP_0175-1024x682.jpg\" alt=\"DPP_0175\" width=\"477\" height=\"317\" srcset=\"https:\/\/www.athleticteampioltello.it\/wp-content\/uploads\/2014\/07\/DPP_0175-1024x682.jpg 1024w, https:\/\/www.athleticteampioltello.it\/wp-content\/uploads\/2014\/07\/DPP_0175-300x200.jpg 300w, https:\/\/www.athleticteampioltello.it\/wp-content\/uploads\/2014\/07\/DPP_0175.jpg 1188w\" sizes=\"auto, (max-width: 477px) 100vw, 477px\" \/><\/a><\/p>\n<p>Una stagione, difficile da credere ma \u00e8 gi\u00e0 passata una stagione, si \u00e8 concluso il 30 maggio il corso di atletica giovanile di quelli che ormai conoscete come gli Artigli del team, \u00e8 quindi tempo di bilanci.<\/p>\n<p>Primissimo punto, ci siamo divertiti tutti, questo \u00e8 lo stimolo giusto per proseguire con loro, le attivit\u00e0 sono piaciute e verranno riproposte a settembre, c\u2019\u00e8 per\u00f2 da alzare un pochettino l\u2019asticella, i nostri giovani atleti hanno acquisito delle capacit\u00e0 che per\u00f2 adesso vanno sviluppate in gesti pi\u00f9 complessi, da settembre bisogner\u00e0 cominciare a fidelizzare, piano piano, con la fatica. Fortunatamente l\u2019atletica \u00e8 talmente varia come disciplina che non ci sar\u00e0 modo di annoiarsi, purtroppo durante l\u2019anno c\u2019\u00e8 stato un leggero dropout di alcuni ragazzi che hanno perso l\u2019entusiasmo iniziale, come istruttore ho analizzato le cause e ne far\u00f2 tesoro per il futuro, come ragazzi spero che dopo l\u2019estate torni la voglia di stare con noi. Bilancio positivo anche per chi ha avuto modo di calcare i campi gara, gli artigli hanno schierato atleti in un Miglio, un Monga, ed una staffetta di un\u2019ora in pista (non agonistica), con mia grande sorpresa i ragazzi hanno segnato ottimi risultati generali ed hanno ottenuto anche dei podi. Ma veniamo ad uno dei momenti pi\u00f9 belli della stagione, in occasione dell\u2019ultima lezione sono state organizzate tre gare Artigli contro genitori, inutile dire che gli Artigli hanno portato a casa il successo, ma non senza faticare, tutte le gare sono state combattute fino all\u2019ultimo da entrambe le squadre, la vittoria \u00e8 stata solo questione di pochissimi punti, e solo perch\u00e9 i genitori hanno schierato una squadra numericamente inferiore e questo li ha penalizzati, segno tangibile del fatto che agli Artigli non sono stati fatti sconti, grande fair-play ma sopratutto grande agonismo da entrambe le parti. Le gare, 400m, lancio del peso, 100m, aggiunto alla fine un 100m con doppi punti a chi riusciva a battere l\u2019istruttore (Io), ci sono riusciti solo 2 genitori, bravi e subito segnalati al capo coach Giovanni, finito il momento \u201cagonistico\u201d si \u00e8 aperto quello gastronomico, un bellissimo party finale, dove si sono fatte apprezzare tutte le specialit\u00e0 culinarie preparate da genitori e figli, non \u00e8 mancato il momento istituzionale con il discorso del presidente Carlo Dipalma e del capo coach Giovanni Vecchio, entrambi hanno apprezzato i progressi fatti dai ragazzi e il lavoro dell\u2019istruttore. Obbiettivo della prossima stagione, consolidare il gruppo e continuare con i progressi di quest\u2019anno, personalmente vorrei ringraziare tutti, ragazzi e genitori e societ\u00e0 che mi permettono di vivere esperienze simili, un anno stupendo che lascia tanta voglia di ricominciare al pi\u00f9 presto.<\/p>\n<p>Ci vediamo tutti a settembre !!!!!!!!!!<br \/>\nRenato Redavati<\/p><\/blockquote>\n","protected":false},"excerpt":{"rendered":"<p>Una stagione, difficile da credere ma \u00e8 gi\u00e0 passata una stagione, si \u00e8 concluso il 30 maggio il corso di atletica giovanile di quelli che ormai conoscete come gli Artigli [&hellip;]<\/p>\n","protected":false},"author":1,"featured_media":0,"comment_status":"open","ping_status":"open","sticky":false,"template":"","format":"standard","meta":{"footnotes":""},"categories":[12],"tags":[56,32],"class_list":["post-5408","post","type-post","status-publish","format-standard","hentry","category-atleti","tag-artigli","tag-commento"],"_links":{"self":[{"href":"https:\/\/www.athleticteampioltello.it\/index.php?rest_route=\/wp\/v2\/posts\/5408","targetHints":{"allow":["GET"]}}],"collection":[{"href":"https:\/\/www.athleticteampioltello.it\/index.php?rest_route=\/wp\/v2\/posts"}],"about":[{"href":"https:\/\/www.athleticteampioltello.it\/index.php?rest_route=\/wp\/v2\/types\/post"}],"author":[{"embeddable":true,"href":"https:\/\/www.athleticteampioltello.it\/index.php?rest_route=\/wp\/v2\/users\/1"}],"replies":[{"embeddable":true,"href":"https:\/\/www.athleticteampioltello.it\/index.php?rest_route=%2Fwp%2Fv2%2Fcomments&post=5408"}],"version-history":[{"count":1,"href":"https:\/\/www.athleticteampioltello.it\/index.php?rest_route=\/wp\/v2\/posts\/5408\/revisions"}],"predecessor-version":[{"id":5410,"href":"https:\/\/www.athleticteampioltello.it\/index.php?rest_route=\/wp\/v2\/posts\/5408\/revisions\/5410"}],"wp:attachment":[{"href":"https:\/\/www.athleticteampioltello.it\/index.php?rest_route=%2Fwp%2Fv2%2Fmedia&parent=5408"}],"wp:term":[{"taxonomy":"category","embeddable":true,"href":"https:\/\/www.athleticteampioltello.it\/index.php?rest_route=%2Fwp%2Fv2%2Fcategories&post=5408"},{"taxonomy":"post_tag","embeddable":true,"href":"https:\/\/www.athleticteampioltello.it\/index.php?rest_route=%2Fwp%2Fv2%2Ftags&post=5408"}],"curies":[{"name":"wp","href":"https:\/\/api.w.org\/{rel}","templated":true}]}}